{"id":12095,"date":"2026-09-01T09:27:12","date_gmt":"2026-09-01T07:27:12","guid":{"rendered":"https:\/\/www.portusdatacenters.com\/unkategorisiert\/stefanie-casall-appointed-chief-marketing-officer-of-portus-data-centers\/"},"modified":"2026-09-01T09:34:58","modified_gmt":"2026-09-01T07:34:58","slug":"stefanie-casall-wird-chief-marketing-officer-von-portus-data-centers","status":"publish","type":"post","link":"https:\/\/www.portusdatacenters.com\/de\/pressemitteilung\/stefanie-casall-wird-chief-marketing-officer-von-portus-data-centers\/","title":{"rendered":"Stefanie Casall wird Chief Marketing Officer von  Portus Data Centers"},"content":{"rendered":"\t\t<div data-elementor-type=\"wp-post\" data-elementor-id=\"12095\" class=\"elementor elementor-12095 elementor-12090\" data-elementor-post-type=\"post\">\n\t\t\t\t<div class=\"elementor-element elementor-element-fada25e e-flex e-con-boxed e-con e-parent\" data-id=\"fada25e\" data-element_type=\"container\" data-e-type=\"container\" data-settings=\"{&quot;background_background&quot;:&quot;classic&quot;,&quot;jet_parallax_layout_list&quot;:[]}\">\n\t\t\t\t\t<div class=\"e-con-inner\">\n\t\t\t\t\t<\/div>\n\t\t\t\t<\/div>\n\t\t<div class=\"elementor-element elementor-element-e18b532 e-flex e-con-boxed e-con e-parent\" data-id=\"e18b532\" data-element_type=\"container\" data-e-type=\"container\" data-settings=\"{&quot;background_background&quot;:&quot;classic&quot;,&quot;jet_parallax_layout_list&quot;:[]}\">\n\t\t\t\t\t<div class=\"e-con-inner\">\n\t\t<div class=\"elementor-element elementor-element-631c3cb e-con-full e-flex e-con e-child\" data-id=\"631c3cb\" data-element_type=\"container\" data-e-type=\"container\" data-settings=\"{&quot;jet_parallax_layout_list&quot;:[]}\">\n\t\t\t\t<div class=\"elementor-element elementor-element-e8834d1 elementor-widget elementor-widget-heading\" data-id=\"e8834d1\" data-element_type=\"widget\" data-e-type=\"widget\" data-widget_type=\"heading.default\">\n\t\t\t\t<div class=\"elementor-widget-container\">\n\t\t\t\t\t<h2 class=\"elementor-heading-title elementor-size-default\"><span class=\"titelfett\">Stefanie Casall <\/span> wird Chief Marketing Officer von \nPortus Data Centers\n<\/h2>\t\t\t\t<\/div>\n\t\t\t\t<\/div>\n\t\t\t\t<div class=\"elementor-element elementor-element-2ab4a7f elementor-widget elementor-widget-heading\" data-id=\"2ab4a7f\" data-element_type=\"widget\" data-e-type=\"widget\" data-widget_type=\"heading.default\">\n\t\t\t\t<div class=\"elementor-widget-container\">\n\t\t\t\t\t<h3 class=\"elementor-heading-title elementor-size-default\">Erfahrene Marketing- und Infrastruktur-Expertin soll Markenpositionierung st\u00e4rken und den weiteren Wachstumskurs von Portus Data Centers unterst\u00fctzen<\/h3>\t\t\t\t<\/div>\n\t\t\t\t<\/div>\n\t\t\t\t<div class=\"elementor-element elementor-element-10aa456 elementor-widget elementor-widget-text-editor\" data-id=\"10aa456\" data-element_type=\"widget\" data-e-type=\"widget\" data-widget_type=\"text-editor.default\">\n\t\t\t\t<div class=\"elementor-widget-container\">\n\t\t\t\t\t\t\t\t\t<p><strong>M\u00fcnchen, 1. September 2026 \u2013<\/strong> Portus Data Centers (\u201ePortus\u201c), ein schnell wachsender Anbieter von carrier-neutralen Colocation-L\u00f6sungen in regionalen M\u00e4rkten, verst\u00e4rkt sein F\u00fchrungsteam mit Stefanie Casall als Chief Marketing Officer (CMO). Mit der neu geschaffenen Position baut Portus seine Management- und Marketingstrukturen im Zuge des weiteren Wachstums gezielt aus.<\/p><p>Mit mehr als 15 Jahren Erfahrung in Marketing, Kommunikation und Business Development bringt Stefanie Casall umfassende Expertise im Aufbau und in der Entwicklung von Marken innerhalb der digitalen Infrastruktur- und Rechenzentrumsbranche mit. Zuletzt war sie als Head of Marketing &amp; Business Development bei HSCALE t\u00e4tig. Bereits zuvor verantwortete sie als Director Brand &amp; Marketing bei AQ Compute die strategische Positionierung und Weiterentwicklung der Marke. Nach der \u00dcbernahme und Weiterentwicklung zu HSCALE begleitete Casall die Transformation des Unternehmens und setzte die neue Marken-, Kommunikations- und Go-to-Market-Strategie in EMEA um.<\/p><p>Im Laufe ihrer Karriere hat Casall umfassende Erfahrung beim Aufbau und der Weiterentwicklung von Technologiemarken, bei der strategischen Positionierung von Wachstumsunternehmen sowie in der Kommunikation mit Kunden, Partnern, Investoren und weiteren Stakeholdern gesammelt.<\/p>\t\t\t\t\t\t\t\t<\/div>\n\t\t\t\t<\/div>\n\t\t\t\t<div class=\"elementor-element elementor-element-e84cbcb elementor-widget elementor-widget-heading\" data-id=\"e84cbcb\" data-element_type=\"widget\" data-e-type=\"widget\" data-widget_type=\"heading.default\">\n\t\t\t\t<div class=\"elementor-widget-container\">\n\t\t\t\t\t<h3 class=\"elementor-heading-title elementor-size-default\">Marketingstrukturen f\u00fcr die n\u00e4chste Wachstumsphase<\/h3>\t\t\t\t<\/div>\n\t\t\t\t<\/div>\n\t\t\t\t<div class=\"elementor-element elementor-element-952cffe elementor-widget elementor-widget-text-editor\" data-id=\"952cffe\" data-element_type=\"widget\" data-e-type=\"widget\" data-widget_type=\"text-editor.default\">\n\t\t\t\t<div class=\"elementor-widget-container\">\n\t\t\t\t\t\t\t\t\t<p>In ihrer neuen Rolle wird Stefanie Casall die Marketing- und Kommunikationsstrategie von Portus Data Centers verantworten und weiterentwickeln. Sie soll die Positionierung der Marke weiter sch\u00e4rfen, die Marktpr\u00e4senz st\u00e4rken und das Wachstum des Unternehmens kommunikativ und strategisch begleiten.<\/p><p><em>\u201eMit Stefanie Casall gewinnen wir eine erfahrene Expertin, die unsere Branche sehr gut kennt und strategisches Marketing mit einem ausgepr\u00e4gten Verst\u00e4ndnis f\u00fcr Wachstum und kommerzielle Anforderungen verbindet\u201c,<\/em> erkl\u00e4rt Falk Weinreich, CEO von Portus Data Centers. <em>\u201eMit unserer Expansion wachsen auch die Anforderungen an unsere Organisation und unsere Marktpr\u00e4senz. Stefanie wird uns dabei unterst\u00fctzen, unsere Marke weiterzuentwickeln, unsere Marketingstrukturen gezielt auszubauen und Portus in der n\u00e4chsten Wachstumsphase noch st\u00e4rker als verl\u00e4sslichen Partner f\u00fcr sichere, vernetzte und skalierbare digitale Infrastruktur im Markt zu positionieren. Wir freuen uns, sie an Bord zu haben.\u201c<\/em><\/p>\t\t\t\t\t\t\t\t<\/div>\n\t\t\t\t<\/div>\n\t\t\t\t<div class=\"elementor-element elementor-element-47e48e2 elementor-widget elementor-widget-heading\" data-id=\"47e48e2\" data-element_type=\"widget\" data-e-type=\"widget\" data-widget_type=\"heading.default\">\n\t\t\t\t<div class=\"elementor-widget-container\">\n\t\t\t\t\t<h3 class=\"elementor-heading-title elementor-size-default\">Portus Data Centers baut Kapazit\u00e4ten gezielt aus<\/h3>\t\t\t\t<\/div>\n\t\t\t\t<\/div>\n\t\t\t\t<div class=\"elementor-element elementor-element-ef5e1f0 elementor-widget elementor-widget-text-editor\" data-id=\"ef5e1f0\" data-element_type=\"widget\" data-e-type=\"widget\" data-widget_type=\"text-editor.default\">\n\t\t\t\t<div class=\"elementor-widget-container\">\n\t\t\t\t\t\t\t\t\t<p>Portus Data Centers betreibt hochvernetzte Rechenzentren an regionalen Standorten und verfolgt eine klare Buy-and-Build-Strategie. Aktuell entsteht in M\u00fcnchen mit MUC2 eine weitere Anlage mit 5,5 MW IT-Leistung, wodurch der Standort k\u00fcnftig insgesamt 7 MW bereitstellen wird. Zugleich entwickelt das Unternehmen auf einem neuen Grundst\u00fcck innerhalb des hochvernetzten Campus in Hamburg eine neue Anlage mit bis zu 12,8 MW IT-Kapazit\u00e4t. Dar\u00fcber hinaus hat Portus sein Luxemburger Rechenzentrum durch zus\u00e4tzliche 1,0 MW IT-Leistung deutlich erweitert.<\/p><p>Weitere Projekte in Deutschland und angrenzenden M\u00e4rkten sind bereits in Vorbereitung. Zuletzt hat Portus Data Centers gemeinsam mit Arcus Infrastructure Partners ein Finanzierungspaket \u00fcber 80 Millionen Euro gesichert. Mit dem Ausbau des Managementteams schafft Portus zugleich die organisatorischen Voraussetzungen, um den weiteren Wachstumskurs des Unternehmens nachhaltig zu unterst\u00fctzen.<\/p>\t\t\t\t\t\t\t\t<\/div>\n\t\t\t\t<\/div>\n\t\t\t\t<\/div>\n\t\t<div class=\"elementor-element elementor-element-b4d4076 e-con-full e-flex e-con e-child\" data-id=\"b4d4076\" data-element_type=\"container\" data-e-type=\"container\" data-settings=\"{&quot;jet_parallax_layout_list&quot;:[]}\">\n\t\t\t\t<div class=\"elementor-element elementor-element-3a7837f elementor-grid-1 elementor-grid-tablet-2 elementor-grid-mobile-1 elementor-posts--thumbnail-top elementor-widget elementor-widget-posts\" data-id=\"3a7837f\" data-element_type=\"widget\" data-e-type=\"widget\" data-settings=\"{&quot;classic_columns&quot;:&quot;1&quot;,&quot;classic_columns_tablet&quot;:&quot;2&quot;,&quot;classic_columns_mobile&quot;:&quot;1&quot;,&quot;classic_row_gap&quot;:{&quot;unit&quot;:&quot;px&quot;,&quot;size&quot;:35,&quot;sizes&quot;:[]},&quot;classic_row_gap_laptop&quot;:{&quot;unit&quot;:&quot;px&quot;,&quot;size&quot;:&quot;&quot;,&quot;sizes&quot;:[]},&quot;classic_row_gap_tablet_extra&quot;:{&quot;unit&quot;:&quot;px&quot;,&quot;size&quot;:&quot;&quot;,&quot;sizes&quot;:[]},&quot;classic_row_gap_tablet&quot;:{&quot;unit&quot;:&quot;px&quot;,&quot;size&quot;:&quot;&quot;,&quot;sizes&quot;:[]},&quot;classic_row_gap_mobile_extra&quot;:{&quot;unit&quot;:&quot;px&quot;,&quot;size&quot;:&quot;&quot;,&quot;sizes&quot;:[]},&quot;classic_row_gap_mobile&quot;:{&quot;unit&quot;:&quot;px&quot;,&quot;size&quot;:&quot;&quot;,&quot;sizes&quot;:[]}}\" data-widget_type=\"posts.classic\">\n\t\t\t\t<div class=\"elementor-widget-container\">\n\t\t\t\t\t\t\t<div class=\"elementor-posts-container elementor-posts elementor-posts--skin-classic elementor-grid\" role=\"list\">\n\t\t\t\t<article class=\"elementor-post elementor-grid-item post-12095 post type-post status-publish format-standard hentry category-pressemitteilung\" role=\"listitem\">\n\t\t\t\t<div class=\"elementor-post__text\">\n\t\t\t\t<h3 class=\"elementor-post__title\">\n\t\t\t<a href=\"https:\/\/www.portusdatacenters.com\/de\/pressemitteilung\/stefanie-casall-wird-chief-marketing-officer-von-portus-data-centers\/\" >\n\t\t\t\tStefanie Casall wird Chief Marketing Officer von  Portus Data Centers\t\t\t<\/a>\n\t\t<\/h3>\n\t\t\n\t\t<a class=\"elementor-post__read-more\" href=\"https:\/\/www.portusdatacenters.com\/de\/pressemitteilung\/stefanie-casall-wird-chief-marketing-officer-von-portus-data-centers\/\" aria-label=\"Mehr \u00fcber Stefanie Casall wird Chief Marketing Officer von  Portus Data Centers\" tabindex=\"-1\" >\n\t\t\tMehr lesen \"\t\t<\/a>\n\n\t\t\t\t<\/div>\n\t\t\t\t<\/article>\n\t\t\t\t<article class=\"elementor-post elementor-grid-item post-11732 post type-post status-publish format-standard hentry category-articles\" role=\"listitem\">\n\t\t\t\t<div class=\"elementor-post__text\">\n\t\t\t\t<h3 class=\"elementor-post__title\">\n\t\t\t<a href=\"https:\/\/www.portusdatacenters.com\/de\/articles\/ki-braucht-mehr-rechenleistung-eine-chance-die-infrastruktur-neu-zu-denken\/\" >\n\t\t\t\tKI braucht mehr Rechenleistung: Eine Chance die Infrastruktur neu zu denken\t\t\t<\/a>\n\t\t<\/h3>\n\t\t\n\t\t<a class=\"elementor-post__read-more\" href=\"https:\/\/www.portusdatacenters.com\/de\/articles\/ki-braucht-mehr-rechenleistung-eine-chance-die-infrastruktur-neu-zu-denken\/\" aria-label=\"Mehr \u00fcber KI braucht mehr Rechenleistung: Eine Chance die Infrastruktur neu zu denken\" tabindex=\"-1\" >\n\t\t\tMehr lesen \"\t\t<\/a>\n\n\t\t\t\t<\/div>\n\t\t\t\t<\/article>\n\t\t\t\t<article class=\"elementor-post elementor-grid-item post-10928 post type-post status-publish format-standard hentry category-pressemitteilung\" role=\"listitem\">\n\t\t\t\t<div class=\"elementor-post__text\">\n\t\t\t\t<h3 class=\"elementor-post__title\">\n\t\t\t<a href=\"https:\/\/www.portusdatacenters.com\/de\/pressemitteilung\/isg-rising-star-award-2026\/\" >\n\t\t\t\tISG Rising Star Award 2026\t\t\t<\/a>\n\t\t<\/h3>\n\t\t\n\t\t<a class=\"elementor-post__read-more\" href=\"https:\/\/www.portusdatacenters.com\/de\/pressemitteilung\/isg-rising-star-award-2026\/\" aria-label=\"Mehr \u00fcber ISG Rising Star Award 2026\" tabindex=\"-1\" >\n\t\t\tMehr lesen \"\t\t<\/a>\n\n\t\t\t\t<\/div>\n\t\t\t\t<\/article>\n\t\t\t\t<\/div>\n\t\t\n\t\t\t\t\t\t<\/div>\n\t\t\t\t<\/div>\n\t\t\t\t<\/div>\n\t\t\t\t\t<\/div>\n\t\t\t\t<\/div>\n\t\t\t\t<\/div>\n\t\t","protected":false},"excerpt":{"rendered":"<p>Erfahrene Marketing- und Infrastruktur-Expertin soll Markenpositionierung st\u00e4rken und den weiteren Wachstumskurs von Portus Data Centers unterst\u00fctzen<\/p>\n","protected":false},"author":7,"featured_media":0,"comment_status":"closed","ping_status":"closed","sticky":false,"template":"","format":"standard","meta":{"footnotes":""},"categories":[25],"tags":[],"class_list":["post-12095","post","type-post","status-publish","format-standard","hentry","category-pressemitteilung"],"_links":{"self":[{"href":"https:\/\/www.portusdatacenters.com\/de\/wp-json\/wp\/v2\/posts\/12095","targetHints":{"allow":["GET"]}}],"collection":[{"href":"https:\/\/www.portusdatacenters.com\/de\/wp-json\/wp\/v2\/posts"}],"about":[{"href":"https:\/\/www.portusdatacenters.com\/de\/wp-json\/wp\/v2\/types\/post"}],"author":[{"embeddable":true,"href":"https:\/\/www.portusdatacenters.com\/de\/wp-json\/wp\/v2\/users\/7"}],"replies":[{"embeddable":true,"href":"https:\/\/www.portusdatacenters.com\/de\/wp-json\/wp\/v2\/comments?post=12095"}],"version-history":[{"count":0,"href":"https:\/\/www.portusdatacenters.com\/de\/wp-json\/wp\/v2\/posts\/12095\/revisions"}],"wp:attachment":[{"href":"https:\/\/www.portusdatacenters.com\/de\/wp-json\/wp\/v2\/media?parent=12095"}],"wp:term":[{"taxonomy":"category","embeddable":true,"href":"https:\/\/www.portusdatacenters.com\/de\/wp-json\/wp\/v2\/categories?post=12095"},{"taxonomy":"post_tag","embeddable":true,"href":"https:\/\/www.portusdatacenters.com\/de\/wp-json\/wp\/v2\/tags?post=12095"}],"curies":[{"name":"wp","href":"https:\/\/api.w.org\/{rel}","templated":true}]}}